{"id":1896,"date":"2022-06-14T06:20:49","date_gmt":"2022-06-14T04:20:49","guid":{"rendered":"https:\/\/urbanistes.be\/fup\/?p=1896"},"modified":"2022-09-09T10:05:45","modified_gmt":"2022-09-09T08:05:45","slug":"debat-bar-low-tech-vs-smart-city","status":"publish","type":"post","link":"https:\/\/urbanistes.be\/fup\/debat-bar-low-tech-vs-smart-city\/","title":{"rendered":"D\u00e9bat bar LOW TECH vs SMART CITY"},"content":{"rendered":"<pre><span style=\"font-family: tahoma, arial, helvetica, sans-serif;\">Bruno Clerbaux vous invite \u00e0 une r\u00e9union Zoom planifi\u00e9e.<\/span>\r\n\r\n<span style=\"font-family: tahoma, arial, helvetica, sans-serif;\">Sujet\u00a0: D\u00e9bat-Bar ARiB \/ FUP Et\u00e9 2022 28 juin 18h\u00a0 \"Low Tech Town vs Smart City\"<\/span>\r\n\r\n<span style=\"font-family: tahoma, arial, helvetica, sans-serif;\">Heure\u00a0: 28 juin 2022 05:30 PM Bruxelles<\/span>\r\n\r\n<span style=\"font-family: tahoma, arial, helvetica, sans-serif;\">Participer \u00e0 la r\u00e9union Zoom<\/span>\r\n\r\n<a href=\"https:\/\/us02web.zoom.us\/j\/89619984027?pwd=WWhiVDhLYi9pSndYaEovR1pMMml2Zz09\"><span style=\"font-family: tahoma, arial, helvetica, sans-serif;\">https:\/\/us02web.zoom.us\/j\/89619984027?pwd=WWhiVDhLYi9pSndYaEovR1pMMml2Zz09<\/span><\/a>\r\n\r\n<span style=\"font-family: tahoma, arial, helvetica, sans-serif;\">ID de r\u00e9union\u00a0: 896 1998 4027<\/span>\r\n\r\n<span style=\"font-family: tahoma, arial, helvetica, sans-serif;\">Code secret\u00a0: 526345<\/span><\/pre>\n","protected":false},"excerpt":{"rendered":"<div class=\"post-excerpt\">Bruno Clerbaux vous invite \u00e0 une r\u00e9union Zoom planifi\u00e9e. Sujet\u00a0: D\u00e9bat-Bar ARiB \/ FUP Et\u00e9 2022 28 juin 18h\u00a0 \u00ab\u00a0Low Tech Town vs Smart City\u00a0\u00bb Heure\u00a0: 28 juin 2022 05:30&hellip;<\/div>\n","protected":false},"author":5792,"featured_media":1897,"comment_status":"closed","ping_status":"closed","sticky":false,"template":"","format":"standard","meta":[],"categories":[14],"tags":[],"_links":{"self":[{"href":"https:\/\/urbanistes.be\/fup\/wp-json\/wp\/v2\/posts\/1896"}],"collection":[{"href":"https:\/\/urbanistes.be\/fup\/wp-json\/wp\/v2\/posts"}],"about":[{"href":"https:\/\/urbanistes.be\/fup\/wp-json\/wp\/v2\/types\/post"}],"author":[{"embeddable":true,"href":"https:\/\/urbanistes.be\/fup\/wp-json\/wp\/v2\/users\/5792"}],"replies":[{"embeddable":true,"href":"https:\/\/urbanistes.be\/fup\/wp-json\/wp\/v2\/comments?post=1896"}],"version-history":[{"count":2,"href":"https:\/\/urbanistes.be\/fup\/wp-json\/wp\/v2\/posts\/1896\/revisions"}],"predecessor-version":[{"id":1899,"href":"https:\/\/urbanistes.be\/fup\/wp-json\/wp\/v2\/posts\/1896\/revisions\/1899"}],"wp:featuredmedia":[{"embeddable":true,"href":"https:\/\/urbanistes.be\/fup\/wp-json\/wp\/v2\/media\/1897"}],"wp:attachment":[{"href":"https:\/\/urbanistes.be\/fup\/wp-json\/wp\/v2\/media?parent=1896"}],"wp:term":[{"taxonomy":"category","embeddable":true,"href":"https:\/\/urbanistes.be\/fup\/wp-json\/wp\/v2\/categories?post=1896"},{"taxonomy":"post_tag","embeddable":true,"href":"https:\/\/urbanistes.be\/fup\/wp-json\/wp\/v2\/tags?post=1896"}],"curies":[{"name":"wp","href":"https:\/\/api.w.org\/{rel}","templated":true}]}}