{"id":1800,"date":"2022-03-11T09:21:35","date_gmt":"2022-03-11T08:21:35","guid":{"rendered":"https:\/\/urbanistes.be\/fup\/?p=1800"},"modified":"2022-09-09T10:07:34","modified_gmt":"2022-09-09T08:07:34","slug":"accessibilite-au-logement-et-fiscalite-immobiliere","status":"publish","type":"post","link":"https:\/\/urbanistes.be\/fup\/accessibilite-au-logement-et-fiscalite-immobiliere\/","title":{"rendered":"\u00ab Accessibilit\u00e9 au logement et fiscalit\u00e9 immobili\u00e8re \u00bb  Freins et leviers pour la production de logement social et moyen accessible"},"content":{"rendered":"<p>L\u2019accessibilit\u00e9 au logement social et moyen inf\u00e9rieur devient probl\u00e9matique surtout dans certaines grandes villes\u00a0; ceci pose en particulier la question de la production d\u2019une offre en quantit\u00e9 suffisante pour r\u00e9pondre \u00e0 la demande.<\/p>\n<figure id=\"attachment_1801\" aria-describedby=\"caption-attachment-1801\" style=\"width: 489px\" class=\"wp-caption aligncenter\"><a href=\"http:\/\/xv82m.mjt.lu\/lnk\/AGwAMB00CqAAAAAAAAAAAAOftiwAAAAAmHEAAAAAABNTVABiKnrVyhoHmIaVQMS6I47PBCoseAATQss\/1\/fKt2bEbYNoPXOsbk4IPmqQ\/aHR0cHM6Ly91czAyd2ViLnpvb20udXMvai84NTkzOTI2ODk1Mj9wd2Q9VlRKSmRFbGxjWFZ6VVdsT2JIVTFTa05FVW1nclFUMDk\"><img loading=\"lazy\" class=\" wp-image-1801\" src=\"https:\/\/urbanistes.be\/fup\/wp-content\/uploads\/2022\/03\/Diapositive2-300x433.png\" alt=\"\u00ab Accessibilit\u00e9 au logement et fiscalit\u00e9 immobili\u00e8re \u00bb Freins et leviers pour la production de logement social et moyen accessible\" width=\"489\" height=\"706\" srcset=\"https:\/\/urbanistes.be\/fup\/wp-content\/uploads\/2022\/03\/Diapositive2-300x433.png 300w, https:\/\/urbanistes.be\/fup\/wp-content\/uploads\/2022\/03\/Diapositive2-530x766.png 530w, https:\/\/urbanistes.be\/fup\/wp-content\/uploads\/2022\/03\/Diapositive2.png 720w\" sizes=\"(max-width: 489px) 100vw, 489px\" \/><\/a><figcaption id=\"caption-attachment-1801\" class=\"wp-caption-text\"><em>par les 4 acteurs potentiels : secteur public, secteur priv\u00e9, secteur associatif, individu agissant seul <\/em><em>avec la participation d\u2019Yves Vande Casteele (SPRB Synergie PUL), P-A Franck (UPSI), Professeur M.Bourgeois (ULi\u00e8ge), L.Van Rillaer tbc (Inclusio) , T.Dawance tbc (Sohonet), Professeur N.Bernard (USaint Louis), I.Seghin (Renovassistance), M.Van Mieghem (RBDH)<\/em><\/figcaption><\/figure>\n<p>Trois acteurs sont potentiellement \u00e0 la man\u0153uvre pour cette production\u00a0\u00ab\u00a0collective\u00a0\u00bb: <strong>le secteur public, le secteur associatif et le secteur priv\u00e9<\/strong>\u00a0; et un acteur peut intervenir pour une production individuelle\u00a0: <strong>le futur occupant qui investit lui-m\u00eame.<\/strong><\/p>\n<p><strong>Pour la production \u00ab\u00a0collective\u00a0\u00bb<\/strong>, force est de constater que le premier acteur , malgr\u00e9 diff\u00e9rents Plans et engagements politiques successifs n\u2019assume, dans les faits, qu\u2019une faible part de cette demande ; quant au second, son apport est certes int\u00e9ressant au niveau soci\u00e9tal mais quantitativement marginal ; reste le secteur priv\u00e9, en tant que partenaire d\u2019op\u00e9rations PPP ou en tant qu\u2019investisseur unique, en vue de produire et de revendre ou de produire et de louer \u2013 le cas d\u2019une revente \u00e0 un autre investisseur ramenant \u00e0 la seconde option.<\/p>\n<p>L\u2019objet du D\u00e9bat est de partir de ce constat d\u2019insuffisance r\u00e9currente du secteur public et, sans nier son apport ni le souhait qu\u2019il se renforce, d\u2019examiner avec r\u00e9alisme les opportunit\u00e9s et conditions pour une production massive, rapide, et accessible par le secteur priv\u00e9.<\/p>\n<p>Or l\u2019essentiel des questions \u00e0 cet \u00e9gard se posent en termes de fiscalit\u00e9\u00a0: ce secteur n\u2019y investira que s\u2019il s\u2019y retrouve suffisamment financi\u00e8rement.<\/p>\n<p><strong>Quant \u00e0 la production individuelle<\/strong>, des questions se posent aussi en termes de fiscalit\u00e9.<\/p>\n<p>&nbsp;<\/p>\n<p>&nbsp;<\/p>\n","protected":false},"excerpt":{"rendered":"<div class=\"post-excerpt\">L\u2019accessibilit\u00e9 au logement social et moyen inf\u00e9rieur devient probl\u00e9matique surtout dans certaines grandes villes\u00a0; ceci pose en particulier la question de la production d\u2019une offre en quantit\u00e9 suffisante pour r\u00e9pondre&hellip;<\/div>\n","protected":false},"author":5792,"featured_media":1801,"comment_status":"closed","ping_status":"closed","sticky":false,"template":"","format":"standard","meta":[],"categories":[14],"tags":[],"_links":{"self":[{"href":"https:\/\/urbanistes.be\/fup\/wp-json\/wp\/v2\/posts\/1800"}],"collection":[{"href":"https:\/\/urbanistes.be\/fup\/wp-json\/wp\/v2\/posts"}],"about":[{"href":"https:\/\/urbanistes.be\/fup\/wp-json\/wp\/v2\/types\/post"}],"author":[{"embeddable":true,"href":"https:\/\/urbanistes.be\/fup\/wp-json\/wp\/v2\/users\/5792"}],"replies":[{"embeddable":true,"href":"https:\/\/urbanistes.be\/fup\/wp-json\/wp\/v2\/comments?post=1800"}],"version-history":[{"count":6,"href":"https:\/\/urbanistes.be\/fup\/wp-json\/wp\/v2\/posts\/1800\/revisions"}],"predecessor-version":[{"id":1807,"href":"https:\/\/urbanistes.be\/fup\/wp-json\/wp\/v2\/posts\/1800\/revisions\/1807"}],"wp:featuredmedia":[{"embeddable":true,"href":"https:\/\/urbanistes.be\/fup\/wp-json\/wp\/v2\/media\/1801"}],"wp:attachment":[{"href":"https:\/\/urbanistes.be\/fup\/wp-json\/wp\/v2\/media?parent=1800"}],"wp:term":[{"taxonomy":"category","embeddable":true,"href":"https:\/\/urbanistes.be\/fup\/wp-json\/wp\/v2\/categories?post=1800"},{"taxonomy":"post_tag","embeddable":true,"href":"https:\/\/urbanistes.be\/fup\/wp-json\/wp\/v2\/tags?post=1800"}],"curies":[{"name":"wp","href":"https:\/\/api.w.org\/{rel}","templated":true}]}}