{"id":1773,"date":"2022-02-13T12:52:25","date_gmt":"2022-02-13T11:52:25","guid":{"rendered":"https:\/\/urbanistes.be\/fup\/?p=1773"},"modified":"2022-04-20T08:18:45","modified_gmt":"2022-04-20T06:18:45","slug":"quatre-projets-darchitectes-pour-la-place-du-musee-a-bruxelles","status":"publish","type":"post","link":"https:\/\/urbanistes.be\/fup\/quatre-projets-darchitectes-pour-la-place-du-musee-a-bruxelles\/","title":{"rendered":"Quatre projets d&rsquo;architectes pour la Place du Mus\u00e9e \u00e0 Bruxelles"},"content":{"rendered":"<div>\n<p>Au c\u0153ur du Mont des Arts, la <strong>Place du Mus\u00e9e<\/strong> est l&rsquo;une des plus belles places de <strong>Bruxelles<\/strong>. Elle ne \u00ab\u202ffonctionne\u202f\u00bb pas comme lieu de rencontres ou d\u2019activit\u00e9s. Les associations <strong>Quartier des Arts<\/strong> et <strong>Mont des Arts*<\/strong> ont d\u00e8s lors organis\u00e9 un <strong>concours d\u2019id\u00e9es<\/strong> auquel ont r\u00e9pondu avec talent quatre bureaux d\u2019architecture. <strong>Ce concours d\u2019id\u00e9es constitue la premi\u00e8re phase dans le processus de r\u00e9am\u00e9nagement de la Place du Mus\u00e9e<\/strong>.<\/p>\n<p><em> *Le Quartier des Arts et le Mont des Arts, en raison de leur composition et de leurs actions, sont des acteurs de terrain incontournables, qui mettent leur expertise au service du bon d\u00e9veloppement du quartier.<\/em><\/p>\n<p><strong>L&rsquo;exposition se d\u00e9roule dans la rotonde du palais de Charles de Lorraine sise <a href=\"https:\/\/goo.gl\/maps\/xkb3LsEdEVRdehiAA\">Rue du Mus\u00e9e n\u00b01 \u00e0 1000 Bruxelles<\/a>, du vendredi 11 au vendredi 18 f\u00e9vrier 2022 de 11h \u00e0 17h.<\/strong><\/p>\n<\/div>\n<div>\n<p><a href=\"https:\/\/www.ffue.org\/newsletters\/PDF\/place-musee-FR.pdf\" target=\"_blank\" rel=\"noopener\"><img loading=\"lazy\" src=\"https:\/\/www.ffue.org\/newsletters\/images\/place-musee-700x822.jpg\" alt=\"\" width=\"702\" height=\"822\" data-pagespeed-url-hash=\"2111971679\" \/><\/a><\/p>\n<p align=\"center\"><a href=\"https:\/\/bx1.be\/categories\/news\/place-du-musee-un-futur-lieu-de-rencontre\/?jwsource=cl\" target=\"_blank\" rel=\"noopener\"><img loading=\"lazy\" src=\"https:\/\/www.ffue.org\/newsletters\/images\/bx1-place-musee-700x417.jpg\" alt=\"\" width=\"700\" height=\"417\" data-pagespeed-url-hash=\"29197511\" \/><\/a><\/p>\n<p>*\u00a0<a href=\"https:\/\/www.ffue.org\/newsletters\/PDF\/place-musee-Communique-presse-FR.pdf\" target=\"_blank\" rel=\"noopener\">Communiqu\u00e9 de presse des associations Quartier des Arts et Mont des Arts<\/a><br \/>\n*\u00a0<a href=\"https:\/\/www.ffue.org\/newsletters\/PDF\/Discours-de-FTulkens-MVanRoye_Quartier-des-Arts_11_02_2022.pdf\" target=\"_blank\" rel=\"noopener\">Discours de Mme Fran\u00e7oise Tulkens, pr\u00e9sidente de l&rsquo;asbl Quartier des Arts<\/a><br \/>\n*\u00a0<a href=\"https:\/\/www.ffue.org\/newsletters\/PDF\/Discours-de-ML-Roggemans_Mont-des-Arts_11_02_2022.pdf\" target=\"_blank\" rel=\"noopener\">Discours de Mme Marie-Laure Roggemans, pr\u00e9sidente de l&rsquo;asbl Mont des Arts<\/a><\/p>\n<\/div>\n","protected":false},"excerpt":{"rendered":"<div class=\"post-excerpt\">Au c\u0153ur du Mont des Arts, la Place du Mus\u00e9e est l&rsquo;une des plus belles places de Bruxelles. Elle ne \u00ab\u202ffonctionne\u202f\u00bb pas comme lieu de rencontres ou d\u2019activit\u00e9s. Les associations&hellip;<\/div>\n","protected":false},"author":5792,"featured_media":1781,"comment_status":"closed","ping_status":"closed","sticky":false,"template":"","format":"standard","meta":[],"categories":[14],"tags":[],"_links":{"self":[{"href":"https:\/\/urbanistes.be\/fup\/wp-json\/wp\/v2\/posts\/1773"}],"collection":[{"href":"https:\/\/urbanistes.be\/fup\/wp-json\/wp\/v2\/posts"}],"about":[{"href":"https:\/\/urbanistes.be\/fup\/wp-json\/wp\/v2\/types\/post"}],"author":[{"embeddable":true,"href":"https:\/\/urbanistes.be\/fup\/wp-json\/wp\/v2\/users\/5792"}],"replies":[{"embeddable":true,"href":"https:\/\/urbanistes.be\/fup\/wp-json\/wp\/v2\/comments?post=1773"}],"version-history":[{"count":3,"href":"https:\/\/urbanistes.be\/fup\/wp-json\/wp\/v2\/posts\/1773\/revisions"}],"predecessor-version":[{"id":1776,"href":"https:\/\/urbanistes.be\/fup\/wp-json\/wp\/v2\/posts\/1773\/revisions\/1776"}],"wp:featuredmedia":[{"embeddable":true,"href":"https:\/\/urbanistes.be\/fup\/wp-json\/wp\/v2\/media\/1781"}],"wp:attachment":[{"href":"https:\/\/urbanistes.be\/fup\/wp-json\/wp\/v2\/media?parent=1773"}],"wp:term":[{"taxonomy":"category","embeddable":true,"href":"https:\/\/urbanistes.be\/fup\/wp-json\/wp\/v2\/categories?post=1773"},{"taxonomy":"post_tag","embeddable":true,"href":"https:\/\/urbanistes.be\/fup\/wp-json\/wp\/v2\/tags?post=1773"}],"curies":[{"name":"wp","href":"https:\/\/api.w.org\/{rel}","templated":true}]}}