{"id":1682,"date":"2021-10-29T08:14:06","date_gmt":"2021-10-29T06:14:06","guid":{"rendered":"https:\/\/urbanistes.be\/fup\/?p=1682"},"modified":"2022-06-14T06:23:44","modified_gmt":"2022-06-14T04:23:44","slug":"le-forum-2021-close-to-you-sest-termine-avec-succes","status":"publish","type":"post","link":"https:\/\/urbanistes.be\/fup\/le-forum-2021-close-to-you-sest-termine-avec-succes\/","title":{"rendered":"Le Forum 2021 \u201cClose to You\u201d s\u2019est termin\u00e9 avec succ\u00e8s."},"content":{"rendered":"<p><strong>Tout d\u2019abord la conf\u00e9rence de Michel Lussault \u00e0 Bruxelles le 20.10 a suscit\u00e9 beaucoup d\u2019int\u00e9r\u00eat.<\/strong><br \/>\n<strong>Les notions qu\u2019il a avanc\u00e9es\u00a0ont ouverts\u00a0de nombreuses pistes de r\u00e9flexion, en particulier son plaidoyer pour un \u00ab\u00a0urbanisme de l\u2019attention et du prendre soin\u00a0\u00bb.<\/strong><br \/>\n<strong>Celle -ci est visible sur notre chaine Youtube via le lien ci apr\u00e8s <\/strong><\/p>\n<p><a href=\"https:\/\/youtu.be\/TdRE5ZN-vmw\"><img loading=\"lazy\" class=\"size-medium wp-image-1683 aligncenter\" src=\"https:\/\/urbanistes.be\/fup\/wp-content\/uploads\/2021\/10\/shutterstock_253197046-300x158.jpg\" alt=\"\" width=\"300\" height=\"158\" srcset=\"https:\/\/urbanistes.be\/fup\/wp-content\/uploads\/2021\/10\/shutterstock_253197046-300x158.jpg 300w, https:\/\/urbanistes.be\/fup\/wp-content\/uploads\/2021\/10\/shutterstock_253197046-1100x578.jpg 1100w, https:\/\/urbanistes.be\/fup\/wp-content\/uploads\/2021\/10\/shutterstock_253197046-768x403.jpg 768w, https:\/\/urbanistes.be\/fup\/wp-content\/uploads\/2021\/10\/shutterstock_253197046-1536x807.jpg 1536w, https:\/\/urbanistes.be\/fup\/wp-content\/uploads\/2021\/10\/shutterstock_253197046-2048x1076.jpg 2048w, https:\/\/urbanistes.be\/fup\/wp-content\/uploads\/2021\/10\/shutterstock_253197046-1920x1009.jpg 1920w, https:\/\/urbanistes.be\/fup\/wp-content\/uploads\/2021\/10\/shutterstock_253197046-530x278.jpg 530w\" sizes=\"(max-width: 300px) 100vw, 300px\" \/><\/a><\/p>\n<p><strong>Quant au Forum tenu \u00e0 Namur, les intervenants (une quinzaine) ont suscit\u00e9 un grand int\u00e9r\u00eat car ils ont ouverts\u00a0des pistes.<\/strong><br \/>\n<strong>Ils ont illustr\u00e9 diverses pratiques qui s\u2019adaptent aux aspirations d\u2019aujourd\u2019hui et qui r\u00e9pondent aux enjeux de la distanciation sociale.<\/strong><br \/>\n<strong>Cette derni\u00e8re est apparue\u00a0et s\u2019est renforc\u00e9e ces derniers temps sous les effets conjugu\u00e9s de la <\/strong><img loading=\"lazy\" class=\"size-medium wp-image-1687 alignleft\" src=\"https:\/\/urbanistes.be\/fup\/wp-content\/uploads\/2021\/10\/20211027_154048-002-300x225.jpg\" alt=\"\" width=\"300\" height=\"225\" srcset=\"https:\/\/urbanistes.be\/fup\/wp-content\/uploads\/2021\/10\/20211027_154048-002-300x225.jpg 300w, https:\/\/urbanistes.be\/fup\/wp-content\/uploads\/2021\/10\/20211027_154048-002-530x398.jpg 530w, https:\/\/urbanistes.be\/fup\/wp-content\/uploads\/2021\/10\/20211027_154048-002.jpg 650w\" sizes=\"(max-width: 300px) 100vw, 300px\" \/><strong>pand\u00e9mie, de l\u2019invasion du num\u00e9rique, des d\u00e9fis climatiques et de l\u2019aggravation des in\u00e9galit\u00e9s sociales.<\/strong><br \/>\n<strong>Une forte convergence des th\u00e8mes a marqu\u00e9\u00a0les participants.<\/strong><br \/>\n<strong>Devant l\u2019abondance et la dur\u00e9e des expos\u00e9s et des d\u00e9bats, des extraits seront rendus accessibles dans les prochaines semaines.<\/strong><\/p>\n<p><strong>Merci aux participants et aux intervenants pour la richesse de ces \u00e9changes.<\/strong><br \/>\n<strong>For Urban passion pr\u00e9pare pour l\u2019heure une s\u00e9rie de \u00ab\u00a0pr\u00e9conisations\u00a0\u00bb qui seront adress\u00e9es aux\u00a0monde des d\u00e9cideurs.<\/strong><br \/>\n<strong>A suivre sur notre site.<\/strong><\/p>\n","protected":false},"excerpt":{"rendered":"<div class=\"post-excerpt\">Tout d\u2019abord la conf\u00e9rence de Michel Lussault \u00e0 Bruxelles le 20.10 a suscit\u00e9 beaucoup d\u2019int\u00e9r\u00eat. Les notions qu\u2019il a avanc\u00e9es\u00a0ont ouverts\u00a0de nombreuses pistes de r\u00e9flexion, en particulier son plaidoyer pour&hellip;<\/div>\n","protected":false},"author":5792,"featured_media":1549,"comment_status":"closed","ping_status":"closed","sticky":false,"template":"","format":"standard","meta":[],"categories":[18],"tags":[],"_links":{"self":[{"href":"https:\/\/urbanistes.be\/fup\/wp-json\/wp\/v2\/posts\/1682"}],"collection":[{"href":"https:\/\/urbanistes.be\/fup\/wp-json\/wp\/v2\/posts"}],"about":[{"href":"https:\/\/urbanistes.be\/fup\/wp-json\/wp\/v2\/types\/post"}],"author":[{"embeddable":true,"href":"https:\/\/urbanistes.be\/fup\/wp-json\/wp\/v2\/users\/5792"}],"replies":[{"embeddable":true,"href":"https:\/\/urbanistes.be\/fup\/wp-json\/wp\/v2\/comments?post=1682"}],"version-history":[{"count":4,"href":"https:\/\/urbanistes.be\/fup\/wp-json\/wp\/v2\/posts\/1682\/revisions"}],"predecessor-version":[{"id":1688,"href":"https:\/\/urbanistes.be\/fup\/wp-json\/wp\/v2\/posts\/1682\/revisions\/1688"}],"wp:featuredmedia":[{"embeddable":true,"href":"https:\/\/urbanistes.be\/fup\/wp-json\/wp\/v2\/media\/1549"}],"wp:attachment":[{"href":"https:\/\/urbanistes.be\/fup\/wp-json\/wp\/v2\/media?parent=1682"}],"wp:term":[{"taxonomy":"category","embeddable":true,"href":"https:\/\/urbanistes.be\/fup\/wp-json\/wp\/v2\/categories?post=1682"},{"taxonomy":"post_tag","embeddable":true,"href":"https:\/\/urbanistes.be\/fup\/wp-json\/wp\/v2\/tags?post=1682"}],"curies":[{"name":"wp","href":"https:\/\/api.w.org\/{rel}","templated":true}]}}