{"id":1441,"date":"2021-03-30T07:27:37","date_gmt":"2021-03-30T05:27:37","guid":{"rendered":"https:\/\/urbanistes.be\/fup\/?p=1441"},"modified":"2021-06-29T07:39:01","modified_gmt":"2021-06-29T05:39:01","slug":"espaces-publics-sensibles-et-inclusifs-inscription-eiep-27-avril-2021","status":"publish","type":"post","link":"https:\/\/urbanistes.be\/fup\/espaces-publics-sensibles-et-inclusifs-inscription-eiep-27-avril-2021\/","title":{"rendered":"ESPACES PUBLICS SENSIBLES ET INCLUSIFS inscription EIEP 27 avril 2021"},"content":{"rendered":"<p><strong>FOR URBAN PASSION s\u2019associe \u00e0 l\u2019initiative de URBANISTES DES TERRITOIRES pour ce webinaire de formation.<\/strong><\/p>\n<p><strong>Cette association regroupe pour l\u2019essentiel les urbanistes et les m\u00e9tiers connexes du secteur public en France, au niveau local, d\u00e9partemental, r\u00e9gional ou central.<\/strong><\/p>\n<p><strong>Inscrivez-vous pour la journ\u00e9e du mardi 27 avril. C\u2019est gratuit pour les sympathisants FUP.<\/strong><\/p>\n<p><strong>ESPACES PUBLICS SENSIBLES ET INCLUSIFS.<\/strong><\/p>\n<p><strong>Avec: J<span dir=\"ltr\">ulia Goula Mejon, <\/span><\/strong><span dir=\"ltr\">architecte-urbaniste Equal Saree<\/span><strong><span dir=\"ltr\">, <\/span><\/strong><em><span dir=\"ltr\">Barcelone;\u00a0 <\/span><\/em><strong><span dir=\"ltr\">Aura Hernandez, <\/span><\/strong><span dir=\"ltr\">psychologue sociale, fondatrice associ\u00e9e de Psykola<\/span><span dir=\"ltr\">b<\/span><strong><span dir=\"ltr\">, <\/span><\/strong><em><span dir=\"ltr\">Lyon; <\/span><\/em><strong><span dir=\"ltr\"> Claire Jolivet<\/span><span dir=\"ltr\">, <\/span><\/strong><span dir=\"ltr\">\u00e9tudiante en psychologie Clinique; <\/span><strong><span dir=\"ltr\">Sonia Lavadinho, <\/span><\/strong><span dir=\"ltr\">directrice de Bfluid, anthropologue et g\u00e9ographe<\/span><strong><span dir=\"ltr\">, <\/span><\/strong><span dir=\"ltr\"><em>Gen\u00e8ve;<\/em>\u00a0 <\/span><strong><span dir=\"ltr\">Alicia Lugan, <\/span><\/strong><span dir=\"ltr\">urbaniste, cheffe de projet et responsable de d\u00e9veloppement Equal <\/span><span dir=\"ltr\">Saree<\/span><strong><span dir=\"ltr\">, <\/span><\/strong><em><span dir=\"ltr\">Paris; <\/span><\/em><strong><span dir=\"ltr\">Virginie Sidorov<\/span><span dir=\"ltr\">, <\/span><\/strong><span dir=\"ltr\">urbaniste, secr\u00e9taire nationale UT; <\/span><strong><span dir=\"ltr\">Paul Vermeylen, <\/span><\/strong><span dir=\"ltr\">pr\u00e9sident de l\u2019association For Urban Passion<\/span><strong><span dir=\"ltr\">, <\/span><\/strong><em><span dir=\"ltr\">Bruxelles; <\/span><\/em><strong><span dir=\"ltr\">Emma Vilarem<\/span><span dir=\"ltr\">, <\/span><\/strong><span dir=\"ltr\">directrice et co-fondatrice de l\u2019agence [S]CITY.<\/span><strong><br \/>\n<\/strong><\/p>\n<p><strong>Programme\u00a0: <\/strong><a href=\"https:\/\/www.urbanistesdesterritoires.com\/wp-content\/uploads\/2021\/03\/prog-complet-eiep-ep-sensibles-270421.pdf\">prog-complet-eiep-ep-sensibles-270421.pdf (urbanistesdesterritoires.com)<\/a><\/p>\n<p><a href=\"https:\/\/docs.google.com\/forms\/d\/e\/1FAIpQLSeDJQ43CPI9dVHkqDQpTmxHI08iYcihS10KeSrEdTHlLQQisA\/viewform?vc=0&amp;c=0&amp;w=1&amp;flr=0\"><strong><img loading=\"lazy\" class=\"aligncenter size-full wp-image-1237\" src=\"https:\/\/urbanistes.be\/fup\/wp-content\/uploads\/2020\/09\/inscription.png\" alt=\"\" width=\"383\" height=\"132\" srcset=\"https:\/\/urbanistes.be\/fup\/wp-content\/uploads\/2020\/09\/inscription.png 383w, https:\/\/urbanistes.be\/fup\/wp-content\/uploads\/2020\/09\/inscription-300x103.png 300w\" sizes=\"(max-width: 383px) 100vw, 383px\" \/><\/strong><\/a><\/p>\n","protected":false},"excerpt":{"rendered":"<div class=\"post-excerpt\">FOR URBAN PASSION s\u2019associe \u00e0 l\u2019initiative de URBANISTES DES TERRITOIRES pour ce webinaire de formation. Cette association regroupe pour l\u2019essentiel les urbanistes et les m\u00e9tiers connexes du secteur public en&hellip;<\/div>\n","protected":false},"author":5792,"featured_media":1442,"comment_status":"closed","ping_status":"closed","sticky":false,"template":"","format":"standard","meta":[],"categories":[14],"tags":[],"_links":{"self":[{"href":"https:\/\/urbanistes.be\/fup\/wp-json\/wp\/v2\/posts\/1441"}],"collection":[{"href":"https:\/\/urbanistes.be\/fup\/wp-json\/wp\/v2\/posts"}],"about":[{"href":"https:\/\/urbanistes.be\/fup\/wp-json\/wp\/v2\/types\/post"}],"author":[{"embeddable":true,"href":"https:\/\/urbanistes.be\/fup\/wp-json\/wp\/v2\/users\/5792"}],"replies":[{"embeddable":true,"href":"https:\/\/urbanistes.be\/fup\/wp-json\/wp\/v2\/comments?post=1441"}],"version-history":[{"count":7,"href":"https:\/\/urbanistes.be\/fup\/wp-json\/wp\/v2\/posts\/1441\/revisions"}],"predecessor-version":[{"id":1449,"href":"https:\/\/urbanistes.be\/fup\/wp-json\/wp\/v2\/posts\/1441\/revisions\/1449"}],"wp:featuredmedia":[{"embeddable":true,"href":"https:\/\/urbanistes.be\/fup\/wp-json\/wp\/v2\/media\/1442"}],"wp:attachment":[{"href":"https:\/\/urbanistes.be\/fup\/wp-json\/wp\/v2\/media?parent=1441"}],"wp:term":[{"taxonomy":"category","embeddable":true,"href":"https:\/\/urbanistes.be\/fup\/wp-json\/wp\/v2\/categories?post=1441"},{"taxonomy":"post_tag","embeddable":true,"href":"https:\/\/urbanistes.be\/fup\/wp-json\/wp\/v2\/tags?post=1441"}],"curies":[{"name":"wp","href":"https:\/\/api.w.org\/{rel}","templated":true}]}}