{"id":1389,"date":"2021-02-17T09:09:33","date_gmt":"2021-02-17T08:09:33","guid":{"rendered":"https:\/\/urbanistes.be\/fup\/?p=1389"},"modified":"2021-06-29T07:40:02","modified_gmt":"2021-06-29T05:40:02","slug":"bart-somers-malines-laboratoire-de-reussites-urbaines","status":"publish","type":"post","link":"https:\/\/urbanistes.be\/fup\/bart-somers-malines-laboratoire-de-reussites-urbaines\/","title":{"rendered":"Bart Somers : Malines, laboratoire de r\u00e9ussites urbaines"},"content":{"rendered":"<p class=\"moz-quote-pre\" style=\"text-align: center;\"><span style=\"font-family: georgia, palatino, serif;\"><strong>For Urban Passion s&rsquo;associe \u00e0 l&rsquo;Universit\u00e9 de Li\u00e8ge.<\/strong> <\/span><\/p>\n<p class=\"moz-quote-pre\"><em><span style=\"font-family: georgia, palatino, serif;\">Nous accueillerons Bart Somers, le lundi 22 f\u00e9vrier \u00e0 18h, pour la conf\u00e9rence inaugurale de la 2\u00b0 partie du cycle annuel des conf\u00e9rences \u00ab Projet urbain \u00bb : Malines, laboratoire de r\u00e9ussites urbaines.<\/span><\/em><\/p>\n<p><img loading=\"lazy\" class=\"aligncenter size-full wp-image-1407\" src=\"https:\/\/urbanistes.be\/fup\/wp-content\/uploads\/2021\/02\/uliege_logo_compact_cmjn_pos2x2.png\" alt=\"\" width=\"450\" height=\"218\" srcset=\"https:\/\/urbanistes.be\/fup\/wp-content\/uploads\/2021\/02\/uliege_logo_compact_cmjn_pos2x2.png 450w, https:\/\/urbanistes.be\/fup\/wp-content\/uploads\/2021\/02\/uliege_logo_compact_cmjn_pos2x2-300x145.png 300w\" sizes=\"(max-width: 450px) 100vw, 450px\" \/><\/p>\n<p>Bart Somers est le Ministre flamand des Affaires int\u00e9rieures et administratives, de l\u2019Int\u00e9gration et de l\u2019\u00c9galit\u00e9 des chances. Il a un long parcours de parlementaire et notamment de Ministre-Pr\u00e9sident de la R\u00e9gion flamande.<\/p>\n<p>Nous le recevrons en tant que Bourgmestre de la Ville de Malines, r\u00f4le qu\u2019il exerce sans discontinuit\u00e9 depuis 2001 et pour lequel il a re\u00e7u le \u00ab\u00a0World Mayor Prize 2016\u00a0\u00bb d\u00e9livr\u00e9 par la \u00ab\u00a0City Mayors Foundation\u00a0\u00bb. Cette long\u00e9vit\u00e9 politique \u00e0 l\u2019\u00e9chelon communal lui a permis d\u2019inscrire sa vision urbaine et ses actions dans la dur\u00e9e. Parmi les r\u00e9alisations les plus connues : l\u2019ouverture de la Dyle, la reconfiguration de nombreux espaces publics, la gestion active du centre-ville, la mise en place d\u2019une politique de logements volontariste ainsi que le d\u00e9veloppement d\u2019une politique d\u2019accueil des nouveaux habitants dont notamment des r\u00e9fugi\u00e9s et l\u2019int\u00e9gration des migrants. La conf\u00e9rence sera l\u2019occasion d\u2019explorer ses visions de la ville et son exp\u00e9rience en tant que Bourgmestre et homme politique intervenant \u00e0 multiples \u00e9chelles territoriales.<\/p>\n<p>La conf\u00e9rence sera donn\u00e9e en anglais. Elle prendra la forme d\u2019un Webinaire, accessible en direct de 18h \u00e0 20h, via la plateforme Lifesize :\u00a0<a href=\"https:\/\/call.lifesizecloud.com\/5747953\">https:\/\/call.lifesizecloud.com\/5747953<\/a><\/p>\n<p>Ce webinaire fait partie du cycle annuel de \u00ab\u00a0Conf\u00e9rences Projet Urbain\u00a0\u00bb organis\u00e9 par l\u2019Universit\u00e9 de Li\u00e8ge \/ Facult\u00e9 des Sciences Appliqu\u00e9es \u2013 Facult\u00e9 d\u2019Architecture \u2013 Facult\u00e9 des Sciences, la Ville de Li\u00e8ge, la Haute Ecole Charlemagne, le Li\u00e8ge-Labville et le GRE\u2013Li\u00e8ge. Il s\u2019inscrit dans le cadre du <a href=\"https:\/\/masterurba.com\">Master en Urbanisme et D\u00e9veloppement Territorial<\/a>\u00a0ainsi que dans le cadre du <a href=\"https:\/\/www.facsa.uliege.be\/cms\/c_5029510\/fr\/nouveau-certificat-en-recyclage-du-foncier-degrade-dans-une-perspective-de-developpement-durable\">Certificat en Recyclage du Foncier<\/a>, mis en place par l\u2019ULi\u00e8ge et la Haute Ecole Charlemagne.<\/p>\n","protected":false},"excerpt":{"rendered":"<div class=\"post-excerpt\">For Urban Passion s&rsquo;associe \u00e0 l&rsquo;Universit\u00e9 de Li\u00e8ge. Nous accueillerons Bart Somers, le lundi 22 f\u00e9vrier \u00e0 18h, pour la conf\u00e9rence inaugurale de la 2\u00b0 partie du cycle annuel des&hellip;<\/div>\n","protected":false},"author":5792,"featured_media":1390,"comment_status":"closed","ping_status":"closed","sticky":false,"template":"","format":"standard","meta":[],"categories":[14],"tags":[],"_links":{"self":[{"href":"https:\/\/urbanistes.be\/fup\/wp-json\/wp\/v2\/posts\/1389"}],"collection":[{"href":"https:\/\/urbanistes.be\/fup\/wp-json\/wp\/v2\/posts"}],"about":[{"href":"https:\/\/urbanistes.be\/fup\/wp-json\/wp\/v2\/types\/post"}],"author":[{"embeddable":true,"href":"https:\/\/urbanistes.be\/fup\/wp-json\/wp\/v2\/users\/5792"}],"replies":[{"embeddable":true,"href":"https:\/\/urbanistes.be\/fup\/wp-json\/wp\/v2\/comments?post=1389"}],"version-history":[{"count":17,"href":"https:\/\/urbanistes.be\/fup\/wp-json\/wp\/v2\/posts\/1389\/revisions"}],"predecessor-version":[{"id":1406,"href":"https:\/\/urbanistes.be\/fup\/wp-json\/wp\/v2\/posts\/1389\/revisions\/1406"}],"wp:featuredmedia":[{"embeddable":true,"href":"https:\/\/urbanistes.be\/fup\/wp-json\/wp\/v2\/media\/1390"}],"wp:attachment":[{"href":"https:\/\/urbanistes.be\/fup\/wp-json\/wp\/v2\/media?parent=1389"}],"wp:term":[{"taxonomy":"category","embeddable":true,"href":"https:\/\/urbanistes.be\/fup\/wp-json\/wp\/v2\/categories?post=1389"},{"taxonomy":"post_tag","embeddable":true,"href":"https:\/\/urbanistes.be\/fup\/wp-json\/wp\/v2\/tags?post=1389"}],"curies":[{"name":"wp","href":"https:\/\/api.w.org\/{rel}","templated":true}]}}