{"id":926,"date":"2017-03-29T09:32:24","date_gmt":"2017-03-29T07:32:24","guid":{"rendered":"http:\/\/urbanistes.be\/cub\/?p=926"},"modified":"2017-03-29T09:32:24","modified_gmt":"2017-03-29T07:32:24","slug":"nouvelle-serie-de-dejeuner-debats-world-of-cities","status":"publish","type":"post","link":"https:\/\/urbanistes.be\/cub\/nouvelle-serie-de-dejeuner-debats-world-of-cities\/","title":{"rendered":"Nouvelle s\u00e9rie de d\u00e9jeuner-d\u00e9bats &#8220;World of Cities&#8221;"},"content":{"rendered":"<p>La Fondation Universitaire organise depuis 2015, en collaboration avec la Fondation pour l\u2019Environnement Urbain Pierre Laconte (FFUE), des cycles de d\u00e9jeuners-d\u00e9bats internationaux autour du th\u00e8me g\u00e9n\u00e9ral \u00ab <strong>World of Cities<\/strong> \u00bb, destin\u00e9s aux membres de la FU-US et \u00e0 un public plus large, notamment des personnes appartenant au monde \u00e9conomique, social et culturel. Les textes, comptes rendus et documents connexes sont sur <a href=\"http:\/\/www.ffue.org\" target=\"_blank\">http:\/\/www.ffue.org<\/a>.<\/p>\n<p>Le programme du printemps 2017 comprend trois d\u00e9jeuners-d\u00e9bats sur le th\u00e8me \u00ab <strong>AM\u00c9NAGEMENT DU TERRITOIRE ET MOBILIT\u00c9 DANS LA BELGIQUE URBANISEE<\/strong> \u00bb. Ceux-ci incluent une introduction de 15\u2019 (5-7 slides) suivie d\u2019un d\u00e9bat avec les invit\u00e9s, ax\u00e9 sur des recommandations.<\/p>\n<p>Voici le programme de cette nouvelle s\u00e9rie de d\u00e9jeuner-d\u00e9bats :<\/p>\n<p>Le <strong>vendredi <a href=\"http:\/\/www.universitairestichting.be\/fr\/content\/dejeuner-debat-nouvelle-approche-en-flandre-sur-lamenagement-du-territoire-et-la-mobilite\">21 avril 2017<\/a> \u00e0 12h30<\/strong> : d\u00e9jeuner-d\u00e9bat \u00ab Nouvelle approche en Flandre sur l\u2019am\u00e9nagement du territoire et la mobilit\u00e9 \u00bb avec An Rekkers &amp; Hans Tindemans (Vlaamse Vereniging voor Ruimtelijke Planning &#8211; VRP)<br \/>\nLe <strong>mardi <a href=\"http:\/\/www.universitairestichting.be\/fr\/content\/dejeuner-debat-infrastructure-et-paysage\">30 mai 2017<\/a> \u00e0 12h30<\/strong> : d\u00e9jeuner-d\u00e9bat \u00ab Infrastructure et paysage \u00bb avec Guillaume van der Vaeren (urbaniste-paysagiste, JNC International- Joining Nature and City)<br \/>\nLe <strong>vendredi <a href=\"http:\/\/www.universitairestichting.be\/fr\/content\/dejeuner-debat-qualite-de-vie-des-villes-europeennes-defis-environnementaux-et-climatiques\">30 juin 2017 <\/a>\u00e0 12h30<\/strong> : d\u00e9jeuner-d\u00e9bat \u00ab Qualit\u00e9 de vie des villes europ\u00e9ennes : d\u00e9fis environnementaux et climatiques \u00bb avec Prof. Hans Bruyninckx (KU Leuven, CEO, European Environmental Agency EEA)<br \/>\nLe prix pour le d\u00e9jeuner est de 33 \u20ac p.p. (pour les membres de la Fondation Universitaire et leur partenaire) et 38 \u20ac (pour les non-membres).<br \/>\nPour l&#8217;information concr\u00e8te et le formulaire d&#8217;inscription, cliquez la date du d\u00e9jeuner-d\u00e9bat.<\/p>\n<pre><strong>Fondation Universitaire\r\n<\/strong><strong>11, Rue d'Egmont 11 - 1000 Bruxelles\r\n<\/strong><strong>Tel: +32\/(0)2\/545 04 00 - Fax: +32\/(0)2\/513 64 11\r\n<\/strong><strong>E-mail: <a href=\"mailto:FU.US@universityfoundation.be\">FU.US@universityfoundation.be<\/a><\/strong><\/pre>\n","protected":false},"excerpt":{"rendered":"<div class=\"post-excerpt\">La Fondation Universitaire organise depuis 2015, en collaboration avec la Fondation pour l\u2019Environnement Urbain Pierre Laconte (FFUE), des cycles de d\u00e9jeuners-d\u00e9bats internationaux autour du th\u00e8me g\u00e9n\u00e9ral \u00ab World of Cities&hellip;<\/div>\n","protected":false},"author":1,"featured_media":927,"comment_status":"open","ping_status":"closed","sticky":false,"template":"","format":"standard","meta":{"footnotes":""},"categories":[1],"tags":[],"views":2831,"_links":{"self":[{"href":"https:\/\/urbanistes.be\/cub\/wp-json\/wp\/v2\/posts\/926"}],"collection":[{"href":"https:\/\/urbanistes.be\/cub\/wp-json\/wp\/v2\/posts"}],"about":[{"href":"https:\/\/urbanistes.be\/cub\/wp-json\/wp\/v2\/types\/post"}],"author":[{"embeddable":true,"href":"https:\/\/urbanistes.be\/cub\/wp-json\/wp\/v2\/users\/1"}],"replies":[{"embeddable":true,"href":"https:\/\/urbanistes.be\/cub\/wp-json\/wp\/v2\/comments?post=926"}],"version-history":[{"count":1,"href":"https:\/\/urbanistes.be\/cub\/wp-json\/wp\/v2\/posts\/926\/revisions"}],"predecessor-version":[{"id":928,"href":"https:\/\/urbanistes.be\/cub\/wp-json\/wp\/v2\/posts\/926\/revisions\/928"}],"wp:featuredmedia":[{"embeddable":true,"href":"https:\/\/urbanistes.be\/cub\/wp-json\/wp\/v2\/media\/927"}],"wp:attachment":[{"href":"https:\/\/urbanistes.be\/cub\/wp-json\/wp\/v2\/media?parent=926"}],"wp:term":[{"taxonomy":"category","embeddable":true,"href":"https:\/\/urbanistes.be\/cub\/wp-json\/wp\/v2\/categories?post=926"},{"taxonomy":"post_tag","embeddable":true,"href":"https:\/\/urbanistes.be\/cub\/wp-json\/wp\/v2\/tags?post=926"}],"curies":[{"name":"wp","href":"https:\/\/api.w.org\/{rel}","templated":true}]}}