{"id":759,"date":"2017-02-13T16:29:04","date_gmt":"2017-02-13T15:29:04","guid":{"rendered":"http:\/\/urbanistes.be\/cub\/?p=759"},"modified":"2017-02-13T16:31:05","modified_gmt":"2017-02-13T15:31:05","slug":"soirees-de-presentation-du-codt-par-le-minsitre-di-antonio","status":"publish","type":"post","link":"https:\/\/urbanistes.be\/cub\/soirees-de-presentation-du-codt-par-le-minsitre-di-antonio\/","title":{"rendered":"Soir\u00e9es de pr\u00e9sentation du CoDT par le Minsitre Di Antonio"},"content":{"rendered":"<h1>Soir\u00e9es d&#8217;information sur le nouveau CoDT<\/h1>\n<h3>En pr\u00e9sence de Carlo di Antonio, Ministre de l&#8217;Am\u00e9nagement du Territoire<\/h3>\n<p><strong>LIEU<\/strong> Centre culturel d\u2019Ottignies Louvain-La-Neuve &#8211; 41, Avenue des Combattants &#8211; 1340 Ottignies-Louvain-La-Neuve<br \/>\n<strong>DATE et Horaire<\/strong> 23 f\u00e9vrier 2017 &#8211; \u00e0 partir de 19h<br \/>\n<strong>INSCRIPTION<\/strong> <a href=\"mailto:m.urbanisme@ccbw.be\">m.urbanisme@ccbw.be<\/a> &#8211; 010 62 10 53<br \/>\n<strong>ORGANISATION<\/strong><br \/>\nMaison de l\u2019urbanisme du Brabant Wallon<br \/>\n<a href=\"http:\/\/www.mubw.be\">www.mubw.be<\/a>&#8211; <a href=\"http:\/\/www.ccbw.be\">www.ccbw.be<\/a><br \/>\n___________________________________________________________________________<br \/>\n<strong>LIEU<\/strong> NAMUR, Palais Des Congr\u00e8s, Place d&#8217;Armes, 1<br \/>\n<strong>DATE et Horaire<\/strong> 2 Mars 2017, \u00e0 partir de 19h<br \/>\n<strong>INSCRIPTION<\/strong> <a href=\"mailto:event@muap.be\">event@muap.be<\/a><br \/>\n<strong>ORGANISATION<\/strong><br \/>\nMaison R\u00e9gionale d\u2019Architecture et d\u2019Urbanisme<br \/>\nMaison de l\u2019Urbanisme de l\u2019Arrondissement de Philippeville<br \/>\nMaison des Plus Beaux Villages de Wallonie<br \/>\n________________________________________________________________<br \/>\n<strong>LIEU<\/strong> Centre culturel, avenue de Houffalize, 56D \u00e0 6800 Libramont<br \/>\n<strong>DATE et Horaire<\/strong> 9 mars 2017 \u00e0 partir de 18h30<br \/>\n<strong>INSCRIPTION<\/strong> <a href=\"http:\/\/www.mufa.be\">www.mufa.be<\/a> \u2013 <a href=\"http:\/\/www.murla.be\">www.murla.be<\/a><br \/>\n<strong>ORGANISATION<\/strong><br \/>\nMaison de l\u2019Urbanisme Famenne-Ardenne<br \/>\nMaison de l\u2019Urbanisme Lorraine-Ardenne<br \/>\n_______________________________________________________________________<br \/>\n<strong>LIEU<\/strong> MONS, UMons, Auditoire Marie Curie, Av. du Champ de Mars<br \/>\n<strong>DATE et Horaire<\/strong> 23 mars 2017 \u00e0 partir de 18h45<br \/>\n<strong>INSCRIPTION<\/strong> <a href=\"mailto:mu@espace-environnement.be\">mu@espace-environnement.be<\/a><br \/>\n<strong>ORGANISATION<\/strong><br \/>\nMaison de l\u2019Urbanisme du Hainaut<br \/>\n___________________________________________________________<br \/>\n<strong>LIEU<\/strong> LI\u00c8GE \u2013 lieu \u00e0 d\u00e9finir<br \/>\n<strong>DATE et Horaire<\/strong> 30 mars 2017<br \/>\n<strong>INSCRIPTION<\/strong> <a href=\"mailto:jerome@maisondelurbanite.org\">jerome@maisondelurbanite.org<\/a><br \/>\n<strong>ORGANISATION<\/strong><br \/>\nMaison de l&#8217;Urbanit\u00e9 &#8211; <a href=\"http:\/\/www.maisondelurbanite.org\/\">http:\/\/www.maisondelurbanite.org\/<\/a><\/p>\n","protected":false},"excerpt":{"rendered":"<div class=\"post-excerpt\">Soir\u00e9es d&#8217;information sur le nouveau CoDT En pr\u00e9sence de Carlo di Antonio, Ministre de l&#8217;Am\u00e9nagement du Territoire LIEU Centre culturel d\u2019Ottignies Louvain-La-Neuve &#8211; 41, Avenue des Combattants &#8211; 1340 Ottignies-Louvain-La-Neuve&hellip;<\/div>\n","protected":false},"author":1,"featured_media":760,"comment_status":"open","ping_status":"open","sticky":false,"template":"","format":"standard","meta":{"footnotes":""},"categories":[1],"tags":[],"views":3419,"_links":{"self":[{"href":"https:\/\/urbanistes.be\/cub\/wp-json\/wp\/v2\/posts\/759"}],"collection":[{"href":"https:\/\/urbanistes.be\/cub\/wp-json\/wp\/v2\/posts"}],"about":[{"href":"https:\/\/urbanistes.be\/cub\/wp-json\/wp\/v2\/types\/post"}],"author":[{"embeddable":true,"href":"https:\/\/urbanistes.be\/cub\/wp-json\/wp\/v2\/users\/1"}],"replies":[{"embeddable":true,"href":"https:\/\/urbanistes.be\/cub\/wp-json\/wp\/v2\/comments?post=759"}],"version-history":[{"count":3,"href":"https:\/\/urbanistes.be\/cub\/wp-json\/wp\/v2\/posts\/759\/revisions"}],"predecessor-version":[{"id":763,"href":"https:\/\/urbanistes.be\/cub\/wp-json\/wp\/v2\/posts\/759\/revisions\/763"}],"wp:featuredmedia":[{"embeddable":true,"href":"https:\/\/urbanistes.be\/cub\/wp-json\/wp\/v2\/media\/760"}],"wp:attachment":[{"href":"https:\/\/urbanistes.be\/cub\/wp-json\/wp\/v2\/media?parent=759"}],"wp:term":[{"taxonomy":"category","embeddable":true,"href":"https:\/\/urbanistes.be\/cub\/wp-json\/wp\/v2\/categories?post=759"},{"taxonomy":"post_tag","embeddable":true,"href":"https:\/\/urbanistes.be\/cub\/wp-json\/wp\/v2\/tags?post=759"}],"curies":[{"name":"wp","href":"https:\/\/api.w.org\/{rel}","templated":true}]}}