{"id":2833,"date":"2022-06-18T15:39:35","date_gmt":"2022-06-18T13:39:35","guid":{"rendered":"https:\/\/urbanistes.be\/cub\/?p=2833"},"modified":"2022-06-18T15:39:35","modified_gmt":"2022-06-18T13:39:35","slug":"webinaire-gratuit-la-protection-des-donnees-au-sein-de-votre-pme-mardi-21-juin-de-19h-a-19h30","status":"publish","type":"post","link":"https:\/\/urbanistes.be\/cub\/webinaire-gratuit-la-protection-des-donnees-au-sein-de-votre-pme-mardi-21-juin-de-19h-a-19h30\/","title":{"rendered":"Webinaire gratuit : \u00ab La protection des donn\u00e9es au sein de votre PME \u00bb mardi 21 juin de 19h \u00e0 19h30"},"content":{"rendered":"<p>Toujours soucieux d\u2019offrir une information de qualit\u00e9 aux ind\u00e9pendants et aux chefs d&#8217;entreprise, nous vous expliquerons tout ce qu\u2019il faut savoir sur la protection des donn\u00e9es au sein de votre PME gr\u00e2ce \u00e0 l\u2019exp\u00e9rience et aux conseils de Bruno Lambotte, expert en GDPR et CEO de Data Privacy Box.<img fetchpriority=\"high\" decoding=\"async\" class=\"size-medium wp-image-2835 aligncenter\" src=\"https:\/\/urbanistes.be\/cub\/wp-content\/uploads\/2022\/06\/webinaire-gratuit-laquo-la-protection-des-donn-eacute-es-au-sein-de-votre-pme-raquo-mardi-21-juin-de-19h-agrave-19h30-fr-300x213.jpg\" alt=\"\" width=\"300\" height=\"213\" srcset=\"https:\/\/urbanistes.be\/cub\/wp-content\/uploads\/2022\/06\/webinaire-gratuit-laquo-la-protection-des-donn-eacute-es-au-sein-de-votre-pme-raquo-mardi-21-juin-de-19h-agrave-19h30-fr-300x213.jpg 300w, https:\/\/urbanistes.be\/cub\/wp-content\/uploads\/2022\/06\/webinaire-gratuit-laquo-la-protection-des-donn-eacute-es-au-sein-de-votre-pme-raquo-mardi-21-juin-de-19h-agrave-19h30-fr-1100x781.jpg 1100w, https:\/\/urbanistes.be\/cub\/wp-content\/uploads\/2022\/06\/webinaire-gratuit-laquo-la-protection-des-donn-eacute-es-au-sein-de-votre-pme-raquo-mardi-21-juin-de-19h-agrave-19h30-fr-768x545.jpg 768w, https:\/\/urbanistes.be\/cub\/wp-content\/uploads\/2022\/06\/webinaire-gratuit-laquo-la-protection-des-donn-eacute-es-au-sein-de-votre-pme-raquo-mardi-21-juin-de-19h-agrave-19h30-fr-1536x1091.jpg 1536w, https:\/\/urbanistes.be\/cub\/wp-content\/uploads\/2022\/06\/webinaire-gratuit-laquo-la-protection-des-donn-eacute-es-au-sein-de-votre-pme-raquo-mardi-21-juin-de-19h-agrave-19h30-fr-1920x1363.jpg 1920w, https:\/\/urbanistes.be\/cub\/wp-content\/uploads\/2022\/06\/webinaire-gratuit-laquo-la-protection-des-donn-eacute-es-au-sein-de-votre-pme-raquo-mardi-21-juin-de-19h-agrave-19h30-fr-530x376.jpg 530w, https:\/\/urbanistes.be\/cub\/wp-content\/uploads\/2022\/06\/webinaire-gratuit-laquo-la-protection-des-donn-eacute-es-au-sein-de-votre-pme-raquo-mardi-21-juin-de-19h-agrave-19h30-fr.jpg 2048w\" sizes=\"(max-width: 300px) 100vw, 300px\" \/><\/p>\n<p>Voici les questions auxquelles nous r\u00e9pondrons :<\/p>\n<p>&#x2714;&#xfe0f; Quels sont les enjeux de la protection des donn\u00e9es ?<br \/>\n&#x2714;&#xfe0f;Qu\u2019est-ce qu\u2019une cyberattaque ?<br \/>\n&#x2714;&#xfe0f; Quels sont les impacts financiers des \u00ab\u202fcyber-sinistres\u202f\u00bb ?<br \/>\n&#x2714;&#xfe0f;Comment vous pr\u00e9munir contre les risques ?<br \/>\n&#x2714;&#xfe0f; Quelles sont les actions \u00e0 mettre en place dans le cadre du RGPD ?<\/p>\n<p>+ Questions \/ R\u00e9ponses<\/p>\n<p>Ce webinaire sera pr\u00e9sid\u00e9 par Christophe Wambersie, secr\u00e9taire g\u00e9n\u00e9ral du SNI.<\/p>\n<p>Vous pouvez vous inscrire en cliquant<strong>\u00a0<a href=\"https:\/\/us06web.zoom.us\/webinar\/register\/WN_Xf6PCblyS4-4sFanzhLYHQ\">ici<\/a><\/strong>. Une fois inscrit(e), vous recevrez un mail de confirmation avec un lien pour acc\u00e9der au webinaire. Si vous ne le recevez pas, pensez \u00e0 v\u00e9rifier vos courriers ind\u00e9sirables !<\/p>\n<p>Pour toute question, n\u2019h\u00e9sitez pas \u00e0 nous contacter :\u00a0<a href=\"mailto:sandra.zatloukal@sninet.be\">sandra.zatloukal@sninet.be<\/a><\/p>\n<p>Nous esp\u00e9rons vous compter parmi les participants \u00e0 ce webinaire !<\/p>\n<p><a href=\"https:\/\/www.sninet.be\/fr\/evenements\/detail\/webinaire-gratuit-laquo-la-protection-des-donn-eacute-es-au-sein-de-votre-pme-raquo-mardi-21-juin-de-19h-agrave-19h30\" target=\"_blank\" rel=\"noopener\">Pour plus d&#8217;info&#8230;<\/a><\/p>\n","protected":false},"excerpt":{"rendered":"<div class=\"post-excerpt\">Toujours soucieux d\u2019offrir une information de qualit\u00e9 aux ind\u00e9pendants et aux chefs d&#8217;entreprise, nous vous expliquerons tout ce qu\u2019il faut savoir sur la protection des donn\u00e9es au sein de votre&hellip;<\/div>\n","protected":false},"author":1,"featured_media":0,"comment_status":"open","ping_status":"closed","sticky":false,"template":"","format":"standard","meta":{"footnotes":""},"categories":[1],"tags":[],"views":2384,"_links":{"self":[{"href":"https:\/\/urbanistes.be\/cub\/wp-json\/wp\/v2\/posts\/2833"}],"collection":[{"href":"https:\/\/urbanistes.be\/cub\/wp-json\/wp\/v2\/posts"}],"about":[{"href":"https:\/\/urbanistes.be\/cub\/wp-json\/wp\/v2\/types\/post"}],"author":[{"embeddable":true,"href":"https:\/\/urbanistes.be\/cub\/wp-json\/wp\/v2\/users\/1"}],"replies":[{"embeddable":true,"href":"https:\/\/urbanistes.be\/cub\/wp-json\/wp\/v2\/comments?post=2833"}],"version-history":[{"count":3,"href":"https:\/\/urbanistes.be\/cub\/wp-json\/wp\/v2\/posts\/2833\/revisions"}],"predecessor-version":[{"id":2837,"href":"https:\/\/urbanistes.be\/cub\/wp-json\/wp\/v2\/posts\/2833\/revisions\/2837"}],"wp:attachment":[{"href":"https:\/\/urbanistes.be\/cub\/wp-json\/wp\/v2\/media?parent=2833"}],"wp:term":[{"taxonomy":"category","embeddable":true,"href":"https:\/\/urbanistes.be\/cub\/wp-json\/wp\/v2\/categories?post=2833"},{"taxonomy":"post_tag","embeddable":true,"href":"https:\/\/urbanistes.be\/cub\/wp-json\/wp\/v2\/tags?post=2833"}],"curies":[{"name":"wp","href":"https:\/\/api.w.org\/{rel}","templated":true}]}}