{"id":2794,"date":"2021-12-15T17:30:12","date_gmt":"2021-12-15T16:30:12","guid":{"rendered":"https:\/\/urbanistes.be\/cub\/?p=2794"},"modified":"2021-12-15T17:30:12","modified_gmt":"2021-12-15T16:30:12","slug":"publication-de-la-loi-sur-le-verdissement-de-la-mobilite","status":"publish","type":"post","link":"https:\/\/urbanistes.be\/cub\/publication-de-la-loi-sur-le-verdissement-de-la-mobilite\/","title":{"rendered":"Publication de la loi sur le verdissement de la mobilit\u00e9 !"},"content":{"rendered":"<table>\n<tbody>\n<tr>\n<td>IMP\u00d4TS &#8211; MOBILIT\u00c9<\/p>\n<p><em>La loi tant attendue sur le verdissement fiscal et social de la mobilit\u00e9 a \u00e9t\u00e9 publi\u00e9e au Moniteur belge le 03.12.2021. Cette loi a d\u00e9j\u00e0 \u00e9t\u00e9 largement discut\u00e9e dans des annonces pr\u00e9c\u00e9dentes. Nous souhaitons ici vous donner un bref aper\u00e7u des changements les plus importants.<\/em><\/p>\n<p><strong><em>D\u00e9ductibilit\u00e9 des frais de voiture<\/em><\/strong><\/p>\n<p>Les nouvelles r\u00e8gles sont en vigueur tant \u00e0 l&#8217;imp\u00f4t des personnes physiques qu&#8217;\u00e0 l&#8217;imp\u00f4t des soci\u00e9t\u00e9s.<\/p>\n<p><strong>Voitures au diesel ou \u00e0 l&#8217;essence<\/strong>. Pour les voitures achet\u00e9es <strong>avant le 01.07.2023<\/strong>, le r\u00e9gime actuel (formule du gramme) reste applicable. Ce r\u00e9gime\u00a0s&#8217;appliquera\u00a0aussi aux\u00a0voitures achet\u00e9es <strong>entre le 01.07.2023 et le 31.12.2025<\/strong>, mais \u00e0 partir de l&#8217;EI. 2026, un r\u00e9gime transitoire entrera en vigueur, qui ne pr\u00e9voira\u00a0plus de d\u00e9duction minimale et le pourcentage maximal d\u00e9ductible diminuera d&#8217;ann\u00e9e en ann\u00e9e. D\u00e8s l&#8217;EI. 2029, les frais de ces voitures ne seront plus d\u00e9ductibles.<\/p>\n<p><strong>Voitures \u00e9lectriques.<\/strong>\u00a0 Pour les voitures achet\u00e9es <strong>avant le 01.01.2027<\/strong>, rien ne change. Les frais de ces voitures restent donc d\u00e9ductible \u00e0 100 % tout au long de leur cycle de vie. Pour les voitures achet\u00e9es <strong>\u00e0 partir du 01.01.2027<\/strong>, la d\u00e9ductibilit\u00e9 sera progressivement r\u00e9duite pour atteindre 67,5 % en 2031.<\/p>\n<p><strong><em>Investissements dans les bornes de recharge<\/em><\/strong><\/p>\n<p><strong>Entreprises individuelles et soci\u00e9t\u00e9s.<\/strong> Les entreprises qui installent des bornes de recharge <strong>entre le 1er septembre 2021 et le 31 ao\u00fbt 2024<\/strong> ont droit \u00e0 une d\u00e9duction des frais major\u00e9e de 200 % pour les amortissements sur les investissements r\u00e9alis\u00e9s en 2021 et 2022, et de 150 % pour les amortissements sur les investissements r\u00e9alis\u00e9s en 2023 et 2024. Ces bornes de recharge doivent toutefois \u00eatre accessibles au public, ce qui signifie que des tiers doivent \u00e9galement y avoir acc\u00e8s.<\/p>\n<p><strong>Particuliers.<\/strong> Les particuliers qui installent une borne de recharge \u00e0 leur domicile <strong>entre le 1er septembre 2021 et le 31 ao\u00fbt 2024<\/strong> b\u00e9n\u00e9ficient, sous certaines conditions, d&#8217;une r\u00e9duction d&#8217;imp\u00f4t unique de 45 % si les d\u00e9penses sont effectu\u00e9es en 2021 et 2022, de 30 % pour les d\u00e9penses effectu\u00e9es en 2023 et de 15 % pour les d\u00e9penses effectu\u00e9es en 2024.<\/p>\n<p><strong><em>Autres mesures<\/em><\/strong><\/p>\n<p><strong>Budget\u00a0mobilit\u00e9.<\/strong> Le r\u00e9gime actuel du budget mobilit\u00e9 reste en grande partie inchang\u00e9, mais <strong>\u00e0 partir du 1er janvier 2022<\/strong>, une\u00a0m\u00e9thode simplifi\u00e9e\u00a0de calcul du &#8220;total cost of ownership&#8221; sera appliqu\u00e9e (l&#8217;arr\u00eat\u00e9 royal\u00a0doit encore \u00eatre publi\u00e9). Il y aura \u00e9galement une limite inf\u00e9rieure de 3 000 \u20ac et une limite sup\u00e9rieure de 16 000 \u20ac par an. Enfin, l&#8217;employ\u00e9 aura plus de choix dans le cadre du deuxi\u00e8me pilier et davantage d&#8217;employ\u00e9s y auront droit.<\/p>\n<p><strong>Cotisation de solidarit\u00e9.<\/strong> Pour les voitures \u00e0 essence et diesel qui seront achet\u00e9es <strong>\u00e0 partir du 01.07.2023<\/strong>, la cotisation de solidarit\u00e9 due par les employeurs augmentera fortement. Il s&#8217;agit initialement d&#8217;une multiplication par un facteur de 2,25, qui augmente\u00a0annuellement jusqu&#8217;\u00e0 un facteur de 5,5 \u00e0 partir de 2027.<\/p>\n<p><strong>Source<\/strong> : <em>Loi du 25.11.2021, MB 03.12.2021<\/em><\/p>\n<table width=\"100%\">\n<tbody>\n<tr>\n<td><strong><em>L&#8217;achat de voitures \u00e0 essence ou diesel \u00e0 partir du 01.07.2023 est fiscalement sanctionn\u00e9 par une d\u00e9ductibilit\u00e9 moindre et une cotisation de solidarit\u00e9 (beaucoup) plus \u00e9lev\u00e9e pour les employeurs. Par contre, les investissements dans les bornes de recharge sont fiscalement r\u00e9compens\u00e9s depuis le\u00a001.09.2021 et le budget mobilit\u00e9 sera rendu plus attractif \u00e0 partir du 01.01.2022.<\/em><\/strong><\/td>\n<\/tr>\n<\/tbody>\n<\/table>\n<\/td>\n<\/tr>\n<\/tbody>\n<\/table>\n","protected":false},"excerpt":{"rendered":"<div class=\"post-excerpt\">IMP\u00d4TS &#8211; MOBILIT\u00c9 La loi tant attendue sur le verdissement fiscal et social de la mobilit\u00e9 a \u00e9t\u00e9 publi\u00e9e au Moniteur belge le 03.12.2021. Cette loi a d\u00e9j\u00e0 \u00e9t\u00e9 largement&hellip;<\/div>\n","protected":false},"author":1,"featured_media":0,"comment_status":"open","ping_status":"closed","sticky":false,"template":"","format":"standard","meta":{"footnotes":""},"categories":[1],"tags":[],"views":3036,"_links":{"self":[{"href":"https:\/\/urbanistes.be\/cub\/wp-json\/wp\/v2\/posts\/2794"}],"collection":[{"href":"https:\/\/urbanistes.be\/cub\/wp-json\/wp\/v2\/posts"}],"about":[{"href":"https:\/\/urbanistes.be\/cub\/wp-json\/wp\/v2\/types\/post"}],"author":[{"embeddable":true,"href":"https:\/\/urbanistes.be\/cub\/wp-json\/wp\/v2\/users\/1"}],"replies":[{"embeddable":true,"href":"https:\/\/urbanistes.be\/cub\/wp-json\/wp\/v2\/comments?post=2794"}],"version-history":[{"count":1,"href":"https:\/\/urbanistes.be\/cub\/wp-json\/wp\/v2\/posts\/2794\/revisions"}],"predecessor-version":[{"id":2795,"href":"https:\/\/urbanistes.be\/cub\/wp-json\/wp\/v2\/posts\/2794\/revisions\/2795"}],"wp:attachment":[{"href":"https:\/\/urbanistes.be\/cub\/wp-json\/wp\/v2\/media?parent=2794"}],"wp:term":[{"taxonomy":"category","embeddable":true,"href":"https:\/\/urbanistes.be\/cub\/wp-json\/wp\/v2\/categories?post=2794"},{"taxonomy":"post_tag","embeddable":true,"href":"https:\/\/urbanistes.be\/cub\/wp-json\/wp\/v2\/tags?post=2794"}],"curies":[{"name":"wp","href":"https:\/\/api.w.org\/{rel}","templated":true}]}}