{"id":2532,"date":"2021-01-23T18:18:57","date_gmt":"2021-01-23T17:18:57","guid":{"rendered":"https:\/\/urbanistes.be\/cub\/?p=2532"},"modified":"2021-01-23T18:18:57","modified_gmt":"2021-01-23T17:18:57","slug":"lecologie-est-aussi-affaire-dhabitat","status":"publish","type":"post","link":"https:\/\/urbanistes.be\/cub\/lecologie-est-aussi-affaire-dhabitat\/","title":{"rendered":"L&#8217;\u00e9cologie est aussi affaire d&#8217;habitat"},"content":{"rendered":"<p><img fetchpriority=\"high\" decoding=\"async\" class=\"alignnone wp-image-2534 size-full\" src=\"https:\/\/urbanistes.be\/cub\/wp-content\/uploads\/2021\/01\/c244670cc1d39da79f11935151fe68e86be7ad0bf25faf1a5875a50b060ee68f.jpg\" alt=\"\" width=\"1397\" height=\"209\" srcset=\"https:\/\/urbanistes.be\/cub\/wp-content\/uploads\/2021\/01\/c244670cc1d39da79f11935151fe68e86be7ad0bf25faf1a5875a50b060ee68f.jpg 1397w, https:\/\/urbanistes.be\/cub\/wp-content\/uploads\/2021\/01\/c244670cc1d39da79f11935151fe68e86be7ad0bf25faf1a5875a50b060ee68f-300x45.jpg 300w, https:\/\/urbanistes.be\/cub\/wp-content\/uploads\/2021\/01\/c244670cc1d39da79f11935151fe68e86be7ad0bf25faf1a5875a50b060ee68f-1100x165.jpg 1100w, https:\/\/urbanistes.be\/cub\/wp-content\/uploads\/2021\/01\/c244670cc1d39da79f11935151fe68e86be7ad0bf25faf1a5875a50b060ee68f-768x115.jpg 768w, https:\/\/urbanistes.be\/cub\/wp-content\/uploads\/2021\/01\/c244670cc1d39da79f11935151fe68e86be7ad0bf25faf1a5875a50b060ee68f-530x79.jpg 530w\" sizes=\"(max-width: 1397px) 100vw, 1397px\" \/><\/p>\n<p>Une politique \u00e9cologique de l\u2019habitat s\u2019impose, alors que la production d\u2019un habitat de qualit\u00e9 se heurte souvent \u00e0 des enjeux dits \u00e9cologiques de type NIMBY, cela en p\u00e9riode de succession de crises. Aggrav\u00e9e par la pand\u00e9mie actuelle, la crise actuelle rel\u00e8ve de l\u2019accentuation des in\u00e9galit\u00e9s sociales et territoriales aux causes multiples.<\/p>\n<p>Il s\u2019agit alors de sortir d\u2019une vision \u00e9troite et techniciste de la production du logement afin d\u2019en faire le fer de lance d\u2019une strat\u00e9gie urbaine et d\u2019am\u00e9nagement pour bien habiter en France, partout et par tous.<\/p>\n<p><a href=\"http:\/\/r.assets.developpement-durable.gouv.fr\/mk\/mr\/Utb3KxyctLRJDk0D-DL3CrbXZIoqkxn87qlIOIcGPej1EKF3Sh93lDJqogG2F4mlTgFkEUmvpRY4V3qsFB38qTp52D-OGomE_kUB4DbtRW2KR8e8LGGXE3qpiwR5_D9fATRz\" target=\"_blank\" rel=\"noopener\">Suite<\/a><\/p>\n","protected":false},"excerpt":{"rendered":"<div class=\"post-excerpt\">Une politique \u00e9cologique de l\u2019habitat s\u2019impose, alors que la production d\u2019un habitat de qualit\u00e9 se heurte souvent \u00e0 des enjeux dits \u00e9cologiques de type NIMBY, cela en p\u00e9riode de succession&hellip;<\/div>\n","protected":false},"author":1,"featured_media":0,"comment_status":"open","ping_status":"closed","sticky":false,"template":"","format":"standard","meta":{"footnotes":""},"categories":[1],"tags":[],"views":3069,"_links":{"self":[{"href":"https:\/\/urbanistes.be\/cub\/wp-json\/wp\/v2\/posts\/2532"}],"collection":[{"href":"https:\/\/urbanistes.be\/cub\/wp-json\/wp\/v2\/posts"}],"about":[{"href":"https:\/\/urbanistes.be\/cub\/wp-json\/wp\/v2\/types\/post"}],"author":[{"embeddable":true,"href":"https:\/\/urbanistes.be\/cub\/wp-json\/wp\/v2\/users\/1"}],"replies":[{"embeddable":true,"href":"https:\/\/urbanistes.be\/cub\/wp-json\/wp\/v2\/comments?post=2532"}],"version-history":[{"count":3,"href":"https:\/\/urbanistes.be\/cub\/wp-json\/wp\/v2\/posts\/2532\/revisions"}],"predecessor-version":[{"id":2536,"href":"https:\/\/urbanistes.be\/cub\/wp-json\/wp\/v2\/posts\/2532\/revisions\/2536"}],"wp:attachment":[{"href":"https:\/\/urbanistes.be\/cub\/wp-json\/wp\/v2\/media?parent=2532"}],"wp:term":[{"taxonomy":"category","embeddable":true,"href":"https:\/\/urbanistes.be\/cub\/wp-json\/wp\/v2\/categories?post=2532"},{"taxonomy":"post_tag","embeddable":true,"href":"https:\/\/urbanistes.be\/cub\/wp-json\/wp\/v2\/tags?post=2532"}],"curies":[{"name":"wp","href":"https:\/\/api.w.org\/{rel}","templated":true}]}}