{"id":2178,"date":"2019-06-25T10:02:57","date_gmt":"2019-06-25T08:02:57","guid":{"rendered":"http:\/\/urbanistes.be\/cub\/?p=2178"},"modified":"2019-06-25T10:02:57","modified_gmt":"2019-06-25T08:02:57","slug":"23-25-septembre-decouvrez-liverpool-le-phenix-re-ne-de-ses-cendres","status":"publish","type":"post","link":"https:\/\/urbanistes.be\/cub\/23-25-septembre-decouvrez-liverpool-le-phenix-re-ne-de-ses-cendres\/","title":{"rendered":"23-25 septembre d\u00e9couvrez LIVERPOOL, le ph\u00e9nix re-n\u00e9 de ses cendres !"},"content":{"rendered":"","protected":false},"excerpt":{"rendered":"","protected":false},"author":1,"featured_media":2179,"comment_status":"open","ping_status":"closed","sticky":false,"template":"","format":"standard","meta":{"footnotes":""},"categories":[1],"tags":[],"views":3774,"_links":{"self":[{"href":"https:\/\/urbanistes.be\/cub\/wp-json\/wp\/v2\/posts\/2178"}],"collection":[{"href":"https:\/\/urbanistes.be\/cub\/wp-json\/wp\/v2\/posts"}],"about":[{"href":"https:\/\/urbanistes.be\/cub\/wp-json\/wp\/v2\/types\/post"}],"author":[{"embeddable":true,"href":"https:\/\/urbanistes.be\/cub\/wp-json\/wp\/v2\/users\/1"}],"replies":[{"embeddable":true,"href":"https:\/\/urbanistes.be\/cub\/wp-json\/wp\/v2\/comments?post=2178"}],"version-history":[{"count":2,"href":"https:\/\/urbanistes.be\/cub\/wp-json\/wp\/v2\/posts\/2178\/revisions"}],"predecessor-version":[{"id":2181,"href":"https:\/\/urbanistes.be\/cub\/wp-json\/wp\/v2\/posts\/2178\/revisions\/2181"}],"wp:featuredmedia":[{"embeddable":true,"href":"https:\/\/urbanistes.be\/cub\/wp-json\/wp\/v2\/media\/2179"}],"wp:attachment":[{"href":"https:\/\/urbanistes.be\/cub\/wp-json\/wp\/v2\/media?parent=2178"}],"wp:term":[{"taxonomy":"category","embeddable":true,"href":"https:\/\/urbanistes.be\/cub\/wp-json\/wp\/v2\/categories?post=2178"},{"taxonomy":"post_tag","embeddable":true,"href":"https:\/\/urbanistes.be\/cub\/wp-json\/wp\/v2\/tags?post=2178"}],"curies":[{"name":"wp","href":"https:\/\/api.w.org\/{rel}","templated":true}]}}