{"id":1473,"date":"2017-10-19T19:09:00","date_gmt":"2017-10-19T17:09:00","guid":{"rendered":"http:\/\/urbanistes.be\/cub\/?p=1473"},"modified":"2017-10-19T19:09:00","modified_gmt":"2017-10-19T17:09:00","slug":"appel-a-projet-bma-la-mixite-mise-a-lhonneur-dans-le-bassin-biestebroeck","status":"publish","type":"post","link":"https:\/\/urbanistes.be\/cub\/appel-a-projet-bma-la-mixite-mise-a-lhonneur-dans-le-bassin-biestebroeck\/","title":{"rendered":"Appel \u00e0 projet Bma &#8211; LA MIXIT\u00c9 MISE \u00c0 L\u2019HONNEUR DANS LE BASSIN BIESTEBROECK"},"content":{"rendered":"<p><img fetchpriority=\"high\" decoding=\"async\" class=\"alignnone size-full wp-image-1187\" src=\"http:\/\/urbanistes.be\/cub\/wp-content\/uploads\/2017\/06\/bma.gif\" alt=\"\" width=\"945\" height=\"189\" \/><\/p>\n<p>Le bassin Biestebroeck offre aujourd\u2019hui de nombreuses opportunit\u00e9s de d\u00e9veloppement immobilier capable de r\u00e9pondre aux enjeux bruxellois, notamment en mati\u00e8re de croissance d\u00e9mographique et de maintien des activit\u00e9s productives en ville. En outre, il est situ\u00e9 dans le p\u00e9rim\u00e8tre du Plan Canal, ce qui implique que les futurs projets doivent s\u2019inscrire dans les missions de celui-ci.<\/p>\n<p>C\u2019est dans ce contexte que la soci\u00e9t\u00e9 RIVAND s.a., propri\u00e9taire actuel d\u2019une parcelle d\u2019environ 2,4 ha situ\u00e9e entre la Digue du Canal, la rue Dante et la rue des Goujons, lance un march\u00e9 en association avec BW Promo s.a. pour la construction d\u2019un ensemble d\u2019environ 77.500 m\u00b2, dont 62.500 m\u00b2 de logements et 15.000 m\u00b2 d\u2019activit\u00e9s productives.<br \/>\nLe challenge est ici d\u2019amener une vision novatrice de la vie urbaine et de la mixit\u00e9 des fonctions dans le quartier, d\u2019offrir \u00e0 la collectivit\u00e9 un nouvel \u00eelot qualitatif tout en veillant \u00e0 r\u00e9pondre aux besoins des futurs Anderlechtois.<\/p>\n<p>Le bassin Biestebroeck est repris en Zone d\u2019Entreprises en Milieu Urbain (ZEMU) pour lequel un projet de PPAS a \u00e9t\u00e9 d\u00e9pos\u00e9 et valorise une organisation verticale de la mixit\u00e9 avec un socle productif et des niveaux sup\u00e9rieurs privil\u00e9gi\u00e9s pour les logements. Un permis de lotir a \u00e9galement \u00e9t\u00e9 intoduit en juillet 2016.<\/p>\n<p>Le d\u00e9veloppement total du site se fera en plusieurs phases \u00e9chelonn\u00e9es sur une dizaine d\u2019ann\u00e9es.<br \/>\nLa surface totale du projet est de 77.500 m\u00b2.<\/p>\n<p>L\u2019\u00e9tendue du pr\u00e9sent concours portera sur l\u2019ensemble du site mais des niveaux et des exigences de d\u00e9tails diff\u00e9rents sont demand\u00e9s en fonction de la zone et de la phase de d\u00e9veloppement.<br \/>\nLa premi\u00e8re phase qui sera r\u00e9alis\u00e9e est d\u2019environ 29.000 m\u00b2, pour un montant de travaux estim\u00e9 \u00e0 30.000.000 \u20ac.<\/p>\n<p><strong>Timing indicatif<\/strong><br \/>\n<strong>30 octobre 2017 :<\/strong>\u00a0d\u00e9p\u00f4t des candidatures<br \/>\n<strong>Mi-novembre 2017 :<\/strong>\u00a0invitation des candidats s\u00e9lectionn\u00e9s \u00e0 remettre une offre<br \/>\n<strong>29 janvier 2018 :<\/strong>\u00a0d\u00e9p\u00f4t des offres<\/p>\n<p><strong>BUDGET DES TRAVAUX:<\/strong>\u00a030.000.000 euros HTVA ;<br \/>\n<strong>TAUX D\u2019HONORAIRES:<\/strong>\u00a05,5 % du co\u00fbt estim\u00e9 des travaux ;<br \/>\n<strong>D\u00c9FRAIEMENT :<\/strong>\u00a015.000 euros attribu\u00e9 \u00e0 chaque des 3 \u00e0 5 \u00e9quipes invit\u00e9es \u00e0 soumissionner ayant remis une offre r\u00e9guli\u00e8re. Pour le laur\u00e9at, ce montant est consid\u00e9r\u00e9 comme une avance d\u2019honoraire.<\/p>\n<p>Le bouwmeester ma\u00eetre architecte accompagne le projet et assistera au comit\u00e9 d\u2019avis pour la s\u00e9lection et l\u2019attribution.<\/p>\n<p><a href=\"https:\/\/we.tl\/zRreH8mU4h\" target=\"_blank\" rel=\"noopener noreferrer\" data-slimstat=\"5\"><strong>LIEN VERS LES DOCUMENTS DE MARCH\u00c9<\/strong><\/a><br \/>\n<strong>DATE LIMITE DES D\u00c9P\u00d4TS : 30 OCTOBRE 2017 \u00c0 10h00<\/strong><\/p>\n<p>BW Promo sa, en tant que ma\u00eetre d\u2019ouvrage priv\u00e9, n\u2019est pas soumis \u00e0 la r\u00e9glementation sur l\u2019emploi des langues. C\u2019est pourquoi les documents de march\u00e9 sont disponibles uniquement en fran\u00e7ais. Les candidatures par contre peuvent \u00eatre introduites en fran\u00e7ais et n\u00e9erlandais.<\/p>\n","protected":false},"excerpt":{"rendered":"<div class=\"post-excerpt\">Le bassin Biestebroeck offre aujourd\u2019hui de nombreuses opportunit\u00e9s de d\u00e9veloppement immobilier capable de r\u00e9pondre aux enjeux bruxellois, notamment en mati\u00e8re de croissance d\u00e9mographique et de maintien des activit\u00e9s productives en&hellip;<\/div>\n","protected":false},"author":1,"featured_media":1187,"comment_status":"open","ping_status":"closed","sticky":false,"template":"","format":"standard","meta":{"footnotes":""},"categories":[1],"tags":[],"views":2538,"_links":{"self":[{"href":"https:\/\/urbanistes.be\/cub\/wp-json\/wp\/v2\/posts\/1473"}],"collection":[{"href":"https:\/\/urbanistes.be\/cub\/wp-json\/wp\/v2\/posts"}],"about":[{"href":"https:\/\/urbanistes.be\/cub\/wp-json\/wp\/v2\/types\/post"}],"author":[{"embeddable":true,"href":"https:\/\/urbanistes.be\/cub\/wp-json\/wp\/v2\/users\/1"}],"replies":[{"embeddable":true,"href":"https:\/\/urbanistes.be\/cub\/wp-json\/wp\/v2\/comments?post=1473"}],"version-history":[{"count":1,"href":"https:\/\/urbanistes.be\/cub\/wp-json\/wp\/v2\/posts\/1473\/revisions"}],"predecessor-version":[{"id":1474,"href":"https:\/\/urbanistes.be\/cub\/wp-json\/wp\/v2\/posts\/1473\/revisions\/1474"}],"wp:featuredmedia":[{"embeddable":true,"href":"https:\/\/urbanistes.be\/cub\/wp-json\/wp\/v2\/media\/1187"}],"wp:attachment":[{"href":"https:\/\/urbanistes.be\/cub\/wp-json\/wp\/v2\/media?parent=1473"}],"wp:term":[{"taxonomy":"category","embeddable":true,"href":"https:\/\/urbanistes.be\/cub\/wp-json\/wp\/v2\/categories?post=1473"},{"taxonomy":"post_tag","embeddable":true,"href":"https:\/\/urbanistes.be\/cub\/wp-json\/wp\/v2\/tags?post=1473"}],"curies":[{"name":"wp","href":"https:\/\/api.w.org\/{rel}","templated":true}]}}